{"id":3297,"date":"2026-03-07T16:51:13","date_gmt":"2026-03-07T15:51:13","guid":{"rendered":"https:\/\/mzbskarkonosze.pl\/?p=3297"},"modified":"2026-03-08T16:30:25","modified_gmt":"2026-03-08T15:30:25","slug":"vii-memorial-waldka-siudy","status":"publish","type":"post","link":"http:\/\/mzbskarkonosze.pl\/?p=3297","title":{"rendered":"VII Memoria\u0142 Waldka Siudy &#8211; zarejestruj si\u0119"},"content":{"rendered":"\n<h3><a href=\"https:\/\/mzbskarkonosze.pl\/wyniki\/2026\/260308\/\" target=\"_blank\" rel=\"noopener\">WYNIKI<\/a><\/h3>\n<h6><a href=\"https:\/\/mzbskarkonosze.pl\/wyniki\/2026\/260307\/\" target=\"_blank\" rel=\"noopener\">Turniej pami\u0119ci Dominika Ho\u0142ysia o puchar Prezesa Ponar Luba\u0144<\/a><\/h6>\n<h3 style=\"text-align: center;\">Klub Bryd\u017ca Sportowego PONAR PIAST Luba\u0144<br \/>oraz Miejski Dom Kultury w Lubaniu<\/h3>\n<p style=\"text-align: center;\">zaprasza na<\/p>\n<h2 style=\"text-align: center;\">VII Memoria\u0142 Waldka Siudy<\/h2>\n<p style=\"text-align: center;\">Grand Prix Dolnego \u015al\u0105ska<\/p>\n<h4>Termin<\/h4>\n<p>8 marca 2026, godz. 10.00.<\/p>\n<h4><a href=\"https:\/\/bridgescanner.com\/event\/memoria%C5%82-waldka-siudy-2026?_gl=1*1ki460z*_ga*OTkwNzk0MTg2LjE3Njg2OTEwNjA.*_ga_0JZYZDM2DC*czE3NzEwOTA4NTUkbzgkZzEkdDE3NzEwOTA5MDIkajE2JGwwJGgw*_ga_9PKWY60V82*czE3NzEwOTA4NTUkbzgkZzEkdDE3NzEwOTA5MDIkajE2JGwwJGgw\" target=\"_blank\" rel=\"noopener\">WYMAGANA REJESTRACJA PAR<\/a><\/h4>\n<h4>Miejsce<\/h4>\n<p>Motel \u0141u\u017cycki w Lubaniu, ul. Zgorzelecka\u00a0 51<\/p>\n<h4>Wpisowe<\/h4>\n<ul>\n<li>normalne \u2013 <strong>40<\/strong> z\u0142.\u00a0\u00a0<\/li>\n<li>ulgowe PZBS (S, J, K) \u2013 <strong>25 z\u0142.<\/strong><\/li>\n<li>Uczniowie i studenci \u2013 <strong>0 z\u0142.<\/strong><\/li>\n<\/ul>\n<h4>Nagrody gwarantowane<\/h4>\n<ul>\n<li>puchary dla zwyci\u0119zc\u00f3w ufundowane przez Burmistrza Miasta Lubania<\/li>\n<li>I miejsce \u2013 1200 z\u0142.<\/li>\n<li>II miejsce \u2013 800 z\u0142.<\/li>\n<li>III miejsce \u2013 500 z\u0142.<\/li>\n<li>IV miejsce \u2013 300 z\u0142.<\/li>\n<li>V miejsce \u2013 200 z\u0142.<\/li>\n<li>za wygranie sesji \u2013 200 z\u0142.<\/li>\n<li>za osi\u0105gni\u0119cie w sesji wyniku zbli\u017conego do 58,75% \u2013 200 z\u0142.<\/li>\n<li>dla najlepszej pary mikstowej \u2013 300 z\u0142.<\/li>\n<li>dla najlepszej pary z Lubania \u2013 300 z\u0142.<\/li>\n<li>nagroda popularna \u2013 300 z\u0142<\/li>\n<li>dla pary z najdalszej miejscowo\u015bci \u2013 300 z\u0142.<\/li>\n<\/ul>\n<h4>Harmonogram<\/h4>\n<ul>\n<li>9.45\u00a0 \u2013 rozstawienie par<\/li>\n<li>10.00 \u2013 1 sesja<\/li>\n<li>11.30 \u2013 2 sesja<\/li>\n<li>13.00 \u2013 przerwa obiadowa<\/li>\n<li>14.00 \u2013 3 sesja<\/li>\n<li>15.30 \u2013 4 sesja<\/li>\n<li>16.45 \u2013 zako\u0144czenie turnieju, wr\u0119czenie nagr\u00f3d<\/li>\n<\/ul>\n<h3 style=\"text-align: center;\"><strong>ZAPRASZAMY<\/strong><\/h3>\n<h4 class=\"Standard\">W przeddzie\u0144 Memoria\u0142u Waldka Siudy t.j. w sobot\u0119 7 marca<\/h4>\n<ul>\n<li class=\"Standard\">o godz. 16,00 <strong>w Klubie przy ul. \u0141u\u017cyckiej 1a w Lubaniu zostanie rozegrany turniej <\/strong>po\u015bwi\u0119cony pami\u0119ci zmar\u0142ego w dniu 07.02.2025 r m\u0142odego zawodnika KBS PONAR PIAST Luba\u0144 <strong>Dominika Ho\u0142ysia.<\/strong><\/li>\n<li class=\"Standard\">\u00a0turniej par na zapis meczowy o puchar Prezesa PONAR Luba\u0144.<\/li>\n<li><strong>Do tego turnieju nie ma rejestracji<\/strong><\/li>\n<\/ul>\n<h4 class=\"Standard\">Op\u0142aty startowe w tym turnieju:<\/h4>\n<ul>\n<li class=\"Standard\">35 z\u0142 od zawodnika,<\/li>\n<li class=\"Standard\">20 z\u0142 od emeryta i kobiety;<\/li>\n<li class=\"Standard\">uczniowie i studenci zwolnieni z op\u0142at startowych.<\/li>\n<\/ul>\n<h4 class=\"Standard\">Nagrody gwarantowane tym turnieju:<\/h4>\n<p class=\"Standard\">I m-ce -400 z\u0142, <br \/>II m-ce- 200 z\u0142, <br \/>III m-ce \u2013 100 z\u0142.<\/p>\n<h4>S\u0119dzia<\/h4>\n<p>S\u0142awomir Zimniak<\/p>\n\n\n<div id=\"fb-root\"><\/div><script src=\"http:\/\/connect.facebook.net\/pl_PL\/all.js#xfbml=1\"><\/script><fb:like href=\"http:\/\/mzbskarkonosze.pl\/?p=3297\" send=\"true\" layout=\"standard\" width=\"450\" show_faces=\"true\" font=\"arial\" action=\"like\" colorscheme=\"dark\"><\/fb:like>","protected":false},"excerpt":{"rendered":"<p>WYNIKI Turniej pami\u0119ci Dominika Ho\u0142ysia o puchar Prezesa Ponar Luba\u0144 Klub Bryd\u017ca Sportowego PONAR PIAST Luba\u0144oraz Miejski Dom Kultury w Lubaniu zaprasza na VII Memoria\u0142 Waldka Siudy Grand Prix Dolnego \u015al\u0105ska Termin 8 marca 2026, godz. 10.00. WYMAGANA REJESTRACJA PAR Miejsce Motel \u0141u\u017cycki w Lubaniu, ul. Zgorzelecka\u00a0 51 Wpisowe normalne \u2013 40 z\u0142.\u00a0\u00a0 ulgowe PZBS &hellip; <a href=\"http:\/\/mzbskarkonosze.pl\/?p=3297\" class=\"more-link\">Czytaj dalej <span class=\"screen-reader-text\">VII Memoria\u0142 Waldka Siudy &#8211; zarejestruj si\u0119<\/span> <span class=\"meta-nav\">&rarr;<\/span><\/a><\/p>\n","protected":false},"author":2,"featured_media":3299,"comment_status":"open","ping_status":"closed","sticky":false,"template":"","format":"standard","meta":[],"categories":[63],"tags":[],"_links":{"self":[{"href":"http:\/\/mzbskarkonosze.pl\/index.php?rest_route=\/wp\/v2\/posts\/3297"}],"collection":[{"href":"http:\/\/mzbskarkonosze.pl\/index.php?rest_route=\/wp\/v2\/posts"}],"about":[{"href":"http:\/\/mzbskarkonosze.pl\/index.php?rest_route=\/wp\/v2\/types\/post"}],"author":[{"embeddable":true,"href":"http:\/\/mzbskarkonosze.pl\/index.php?rest_route=\/wp\/v2\/users\/2"}],"replies":[{"embeddable":true,"href":"http:\/\/mzbskarkonosze.pl\/index.php?rest_route=%2Fwp%2Fv2%2Fcomments&post=3297"}],"version-history":[{"count":12,"href":"http:\/\/mzbskarkonosze.pl\/index.php?rest_route=\/wp\/v2\/posts\/3297\/revisions"}],"predecessor-version":[{"id":3323,"href":"http:\/\/mzbskarkonosze.pl\/index.php?rest_route=\/wp\/v2\/posts\/3297\/revisions\/3323"}],"wp:featuredmedia":[{"embeddable":true,"href":"http:\/\/mzbskarkonosze.pl\/index.php?rest_route=\/wp\/v2\/media\/3299"}],"wp:attachment":[{"href":"http:\/\/mzbskarkonosze.pl\/index.php?rest_route=%2Fwp%2Fv2%2Fmedia&parent=3297"}],"wp:term":[{"taxonomy":"category","embeddable":true,"href":"http:\/\/mzbskarkonosze.pl\/index.php?rest_route=%2Fwp%2Fv2%2Fcategories&post=3297"},{"taxonomy":"post_tag","embeddable":true,"href":"http:\/\/mzbskarkonosze.pl\/index.php?rest_route=%2Fwp%2Fv2%2Ftags&post=3297"}],"curies":[{"name":"wp","href":"https:\/\/api.w.org\/{rel}","templated":true}]}}