{"id":2253,"date":"2020-01-26T08:22:29","date_gmt":"2020-01-26T07:22:29","guid":{"rendered":"http:\/\/mzbskarkonosze.pl\/?p=2253"},"modified":"2020-01-26T10:32:37","modified_gmt":"2020-01-26T09:32:37","slug":"liga-okregowa-12","status":"publish","type":"post","link":"https:\/\/mzbskarkonosze.pl\/?p=2253","title":{"rendered":"Liga okr\u0119gowa"},"content":{"rendered":"\n<p><a href=\"http:\/\/mzbskarkonosze.pl\/wyniki\/liga\/2020\/liga2019leaderb.html\" target=\"_blank\" rel=\"noopener noreferrer\">WYNIKI<\/a><\/p>\n<h2>Terminy zjazd\u00f3w ligowych<\/h2>\n<p>12.01.2020 (niedziela) \u2013 Mi\u0142kowice, \u015bwietlica w Siedliskach<br \/>26.01.2020 (niedziela) \u2013 Luba\u0144, \u015bwietlica sp\u00f3\u0142dzielni, ul. \u0141u\u017cycka 1<\/p>\n<p>Zgodnie z harmonogramem 3zjazd ligi okr\u0119gowej odb\u0119dzie si\u0119 <strong>12 stycznia 2020 r. o godz. 10.00.<\/strong><\/p>\n<h5>Organizator<\/h5>\n<p>KBS Mi\u0142kowice<\/p>\n<h5>Miejsce zjazdu<\/h5>\n<p>\u015bwietlica w Siedliskach<\/p>\n<h5>Harmonogram<\/h5>\n<p><a href=\"http:\/\/mzbskarkonosze.pl\/wyniki\/liga\/2020\/liga2019runda6.html\" target=\"_blank\" rel=\"noopener noreferrer\">Runda 6<\/a><br \/>10.00 -11.30\u00a0 &#8211;\u00a0 segment 1.<br \/>11.45 -13.15\u00a0 &#8211;\u00a0 segment 2.<\/p>\n<p>13.15 -14.00\u00a0 &#8211;\u00a0 przerwa obiadowa<\/p>\n<p><a href=\"http:\/\/mzbskarkonosze.pl\/wyniki\/liga\/2020\/liga2019runda7.html\" target=\"_blank\" rel=\"noopener noreferrer\">Runda 7<\/a><br \/>14.00 -15.30\u00a0 &#8211;\u00a0 segment 1.<br \/>15.45 -17.15\u00a0 &#8211;\u00a0 segment 2.<\/p>\n<div id=\"fb-root\"><\/div><script src=\"http:\/\/connect.facebook.net\/pl_PL\/all.js#xfbml=1\"><\/script><fb:like href=\"https:\/\/mzbskarkonosze.pl\/?p=2253\" send=\"true\" layout=\"standard\" width=\"450\" show_faces=\"true\" font=\"arial\" action=\"like\" colorscheme=\"dark\"><\/fb:like>","protected":false},"excerpt":{"rendered":"<p>WYNIKI Terminy zjazd\u00f3w ligowych 12.01.2020 (niedziela) \u2013 Mi\u0142kowice, \u015bwietlica w Siedliskach26.01.2020 (niedziela) \u2013 Luba\u0144, \u015bwietlica sp\u00f3\u0142dzielni, ul. \u0141u\u017cycka 1 Zgodnie z harmonogramem 3zjazd ligi okr\u0119gowej odb\u0119dzie si\u0119 12 stycznia 2020 r. o godz. 10.00. Organizator KBS Mi\u0142kowice Miejsce zjazdu \u015bwietlica w Siedliskach Harmonogram Runda 610.00 -11.30\u00a0 &#8211;\u00a0 segment 1.11.45 -13.15\u00a0 &#8211;\u00a0 segment 2. 13.15 -14.00\u00a0 &hellip; <a href=\"https:\/\/mzbskarkonosze.pl\/?p=2253\" class=\"more-link\">Czytaj dalej <span class=\"screen-reader-text\">Liga okr\u0119gowa<\/span> <span class=\"meta-nav\">&rarr;<\/span><\/a><\/p>\n","protected":false},"author":2,"featured_media":1046,"comment_status":"open","ping_status":"closed","sticky":false,"template":"","format":"standard","meta":[],"categories":[1],"tags":[],"_links":{"self":[{"href":"https:\/\/mzbskarkonosze.pl\/index.php?rest_route=\/wp\/v2\/posts\/2253"}],"collection":[{"href":"https:\/\/mzbskarkonosze.pl\/index.php?rest_route=\/wp\/v2\/posts"}],"about":[{"href":"https:\/\/mzbskarkonosze.pl\/index.php?rest_route=\/wp\/v2\/types\/post"}],"author":[{"embeddable":true,"href":"https:\/\/mzbskarkonosze.pl\/index.php?rest_route=\/wp\/v2\/users\/2"}],"replies":[{"embeddable":true,"href":"https:\/\/mzbskarkonosze.pl\/index.php?rest_route=%2Fwp%2Fv2%2Fcomments&post=2253"}],"version-history":[{"count":1,"href":"https:\/\/mzbskarkonosze.pl\/index.php?rest_route=\/wp\/v2\/posts\/2253\/revisions"}],"predecessor-version":[{"id":2254,"href":"https:\/\/mzbskarkonosze.pl\/index.php?rest_route=\/wp\/v2\/posts\/2253\/revisions\/2254"}],"wp:featuredmedia":[{"embeddable":true,"href":"https:\/\/mzbskarkonosze.pl\/index.php?rest_route=\/wp\/v2\/media\/1046"}],"wp:attachment":[{"href":"https:\/\/mzbskarkonosze.pl\/index.php?rest_route=%2Fwp%2Fv2%2Fmedia&parent=2253"}],"wp:term":[{"taxonomy":"category","embeddable":true,"href":"https:\/\/mzbskarkonosze.pl\/index.php?rest_route=%2Fwp%2Fv2%2Fcategories&post=2253"},{"taxonomy":"post_tag","embeddable":true,"href":"https:\/\/mzbskarkonosze.pl\/index.php?rest_route=%2Fwp%2Fv2%2Ftags&post=2253"}],"curies":[{"name":"wp","href":"https:\/\/api.w.org\/{rel}","templated":true}]}}